{"id":4760,"date":"2024-06-04T12:54:51","date_gmt":"2024-06-04T11:54:51","guid":{"rendered":"https:\/\/www.abseguridad.com\/normativa-per-a-la-installacio-de-cameres-de-seguretat-a-lambit-laboral\/"},"modified":"2024-06-04T12:54:51","modified_gmt":"2024-06-04T11:54:51","slug":"normativa-per-a-la-installacio-de-cameres-de-seguretat-a-lambit-laboral","status":"publish","type":"post","link":"https:\/\/www.abseguridad.com\/ca\/normativa-per-a-la-installacio-de-cameres-de-seguretat-a-lambit-laboral\/","title":{"rendered":"Normativa per a la instal\u00b7laci\u00f3 de c\u00e0meres de seguretat a l&#8217;\u00e0mbit laboral"},"content":{"rendered":"<p>La instal\u00b7laci\u00f3 de c\u00e0meres de seguretat dins d&#8217;entorns laborals \u00e9s cada cop m\u00e9s comuna, tot i aix\u00ed, la seva implementaci\u00f3 s&#8217;ha de regir per una s\u00e8rie de normatives per garantir el respecte als drets i les llibertats dels treballadors. Principalment es poden destacar alguns aspectes a tenir en compte:<\/p>\n<p><strong>\u00a0<\/strong><\/p>\n<h2>Ubicaci\u00f3 de les c\u00e0meres al lloc de treball<\/h2>\n<p>Les c\u00e0meres de seguretat nom\u00e9s es poden establir col\u00b7locar-se en llocs previstos per la llei, en <strong>zones que no impliquin una vulneraci\u00f3 dels drets i llibertats dels interessats<\/strong> i on no s&#8217;arribi a visualitzar la via p\u00fablica o altres espais adjacents de propietats privades relatives a tercers .<\/p>\n<p>Aix\u00f2 deriva que al centre de treball <strong>no es podran col\u00b7locar c\u00e0meres en zones comunes per als empleats, vestidors o banys.<\/strong> En cas que, per angle i col\u00b7locaci\u00f3, les c\u00e0meres captin una part major del carrer, s&#8217;hauran d&#8217;aplicar m\u00e0scares de privadesa a les c\u00e0meres.<\/p>\n<p>De la mateixa manera, es despr\u00e8n la prohibici\u00f3 d&#8217;instal\u00b7lar c\u00e0meres ocultes de la LOPD per a c\u00e0meres de videovigil\u00e0ncia (tret que hi hagi sospites molt clares que s&#8217;est\u00e0 cometent un delicte i sigui l&#8217;\u00fanica manera de recollir proves). Tamb\u00e9 est\u00e0 prohibida la captaci\u00f3 de so, no es poden gravar les converses d&#8217;empleats o clients, aix\u00f2 es considera una invasi\u00f3 de la seva privadesa i dret a la intimitat.<\/p>\n<p>&nbsp;<\/p>\n<h2>Mesures de seguretat<\/h2>\n<p>El responsable del tractament ha d&#8217;implementar les mesures t\u00e8cniques i organitzatives pertinents per garantir la confidencialitat, la integritat i la disponibilitat de les imatges. S&#8217;ha de fer tamb\u00e9 una an\u00e0lisi pr\u00e8via de riscos i una avaluaci\u00f3 d&#8217;impacte si cal.<\/p>\n<p>&nbsp;<\/p>\n<h2>Acc\u00e9s a les imatges<\/h2>\n<p>L&#8217;acc\u00e9s a les imatges est\u00e0 limitat al responsable del tractament i al personal autoritzat. En el cas dels sistemes de CCTV a temps real, els equips de monitoritzaci\u00f3 han d&#8217;estar ubicats a \u00e0rees d&#8217;acc\u00e9s restringit.<\/p>\n<p>L&#8217;acc\u00e9s a les imatges emmagatzemades est\u00e0 protegit mitjan\u00e7ant usuari i contrasenya.<\/p>\n<p>En cas de ser necessari les Forces i Cossos de seguretat de l&#8217;estat, jutjats i tribunals podran sol\u00b7licitar els enregistraments pertinents si aquests es tracten com a mesura de prevenci\u00f3, detecci\u00f3, investigaci\u00f3&#8230; Una persona afectada per un incident o delicte tamb\u00e9 t\u00e9 el dret a demanar certs enregistraments despr\u00e9s de dur a terme els procediments administratius necessaris.<\/p>\n<p>&nbsp;<\/p>\n<p><img fetchpriority=\"high\" decoding=\"async\" class=\"alignnone wp-image-4654 size-full\" src=\"https:\/\/www.abseguridad.com\/wp-content\/uploads\/2024\/04\/security-guard-workspace-1.jpg\" alt=\"\" width=\"7990\" height=\"5326\" \/><\/p>\n<p>&nbsp;<\/p>\n<h2>Termini de conservaci\u00f3<\/h2>\n<p>El termini de conservaci\u00f3 m\u00e0xim de les imatges de les c\u00e0meres de videovigil\u00e0ncia \u00e9s dun mes.<\/p>\n<p>Nom\u00e9s hi ha dues possibles excepcions que es poden donar en el cas de ser estrictament necessari. Es poden conservar en el cas que aquestes siguin proves d&#8217;un incident o delicte; en aquest cas, les imatges han de passar a mans de la policia o el jutjat. Tamb\u00e9 s&#8217;han de conservar en cas que una persona afectada les sol\u00b7liciti com a prova d&#8217;un incident o un acte delictiu. Les imatges s&#8217;han de conservar nom\u00e9s durant el temps necessari per fer la investigaci\u00f3.<\/p>\n<p>&nbsp;<\/p>\n<h2>Control d&#8217;els empleats<\/h2>\n<p>Si l&#8217;enregistrament s&#8217;usar\u00e0 tamb\u00e9, per al control del compliment de les obligacions dels treballadors, aquests n&#8217;han d&#8217;estar informats per part de l&#8217;empresa de manera clara. Els requisits que ha de complir la informaci\u00f3 que rebin els empleats en refer\u00e8ncia a l&#8217;enregistrament s\u00f3n la finalitat de la mateixa, la ubicaci\u00f3 de les c\u00e0meres, la identitat de la persona responsable i els drets dels mateixos treballadors.<\/p>\n<p>En aquest cas no cal el consentiment dels empleats per instal\u00b7lar les c\u00e0meres de videovigil\u00e0ncia.<\/p>\n<p>&nbsp;<\/p>\n<h2>Principi de proporcionalitat<\/h2>\n<p>Abans d&#8217;instal\u00b7lar un sistema de videovigil\u00e0ncia, cal valorar que aquesta mesura sigui d&#8217;acord amb el principi de proporcionalitat, cosa que es tradueix que no hi hagi altres mesures menys intrusives per complir la finalitat proposada. Altres intervingudes poden ser la formaci\u00f3 dels treballadors, un augment de personal de seguretat a la zona a controlar o la utilitzaci\u00f3 de sistemes de control d&#8217;acc\u00e9s com a alarmes o sensors de moviment.<\/p>\n<p>&nbsp;<\/p>\n<p>Si necessiteu m\u00e9s informaci\u00f3, podeu consultar-nos i us atendrem per resoldre els vostres dubtes a l&#8217;apartat de <a href=\"https:\/\/www.abseguridad.com\/contacto\">Contacte.<\/a><\/p>\n","protected":false},"excerpt":{"rendered":"<p>La instal\u00b7laci\u00f3 de c\u00e0meres de seguretat dins d&#8217;entorns laborals \u00e9s cada cop m\u00e9s comuna, tot i aix\u00ed, la seva implementaci\u00f3 s&#8217;ha de regir per una s\u00e8rie de normatives per garantir el respecte als drets i les llibertats dels treballadors. Principalment es poden destacar alguns aspectes a tenir en compte: \u00a0 Ubicaci\u00f3 de les c\u00e0meres al [&hellip;]<\/p>\n","protected":false},"author":49,"featured_media":4619,"comment_status":"open","ping_status":"open","sticky":false,"template":"","format":"standard","meta":{"footnotes":""},"categories":[124],"tags":[],"class_list":["post-4760","post","type-post","status-publish","format-standard","has-post-thumbnail","hentry","category-sense-categoria"],"yoast_head":"<!-- This site is optimized with the Yoast SEO plugin v27.5 - https:\/\/yoast.com\/product\/yoast-seo-wordpress\/ -->\n<title>Instal\u00b7laci\u00f3 de c\u00e0meres de seguretat a l&#039;\u00e0mbit laboral - AB Seguridad<\/title>\n<meta name=\"description\" content=\"Descobreix les normatives i consideracions clau per a la instal\u00b7laci\u00f3 de c\u00e0meres de seguretat a l&#039;\u00e0mbit laboral\" \/>\n<meta name=\"robots\" content=\"index, follow, max-snippet:-1, max-image-preview:large, max-video-preview:-1\" \/>\n<link rel=\"canonical\" href=\"https:\/\/www.abseguridad.com\/ca\/normativa-per-a-la-installacio-de-cameres-de-seguretat-a-lambit-laboral\/\" \/>\n<meta property=\"og:locale\" content=\"ca_ES\" \/>\n<meta property=\"og:type\" content=\"article\" \/>\n<meta property=\"og:title\" content=\"Instal\u00b7laci\u00f3 de c\u00e0meres de seguretat a l&#039;\u00e0mbit laboral - AB Seguridad\" \/>\n<meta property=\"og:description\" content=\"Descobreix les normatives i consideracions clau per a la instal\u00b7laci\u00f3 de c\u00e0meres de seguretat a l&#039;\u00e0mbit laboral\" \/>\n<meta property=\"og:url\" content=\"https:\/\/www.abseguridad.com\/ca\/normativa-per-a-la-installacio-de-cameres-de-seguretat-a-lambit-laboral\/\" \/>\n<meta property=\"og:site_name\" content=\"AB Seguridad\" \/>\n<meta property=\"article:published_time\" content=\"2024-06-04T11:54:51+00:00\" \/>\n<meta property=\"og:image\" content=\"https:\/\/www.abseguridad.com\/wp-content\/uploads\/2024\/04\/closeup-cctv-camera-wall-min.jpg\" \/>\n\t<meta property=\"og:image:width\" content=\"5000\" \/>\n\t<meta property=\"og:image:height\" content=\"3337\" \/>\n\t<meta property=\"og:image:type\" content=\"image\/jpeg\" \/>\n<meta name=\"author\" content=\"AB Seguridad\" \/>\n<meta name=\"twitter:card\" content=\"summary_large_image\" \/>\n<meta name=\"twitter:creator\" content=\"@ab_seguridad\" \/>\n<meta name=\"twitter:site\" content=\"@ab_seguridad\" \/>\n<meta name=\"twitter:label1\" content=\"Escrit per\" \/>\n\t<meta name=\"twitter:data1\" content=\"AB Seguridad\" \/>\n\t<meta name=\"twitter:label2\" content=\"Temps estimat de lectura\" \/>\n\t<meta name=\"twitter:data2\" content=\"3 minutes\" \/>\n<script type=\"application\/ld+json\" class=\"yoast-schema-graph\">{\"@context\":\"https:\\\/\\\/schema.org\",\"@graph\":[{\"@type\":\"Article\",\"@id\":\"https:\\\/\\\/www.abseguridad.com\\\/ca\\\/normativa-per-a-la-installacio-de-cameres-de-seguretat-a-lambit-laboral\\\/#article\",\"isPartOf\":{\"@id\":\"https:\\\/\\\/www.abseguridad.com\\\/ca\\\/normativa-per-a-la-installacio-de-cameres-de-seguretat-a-lambit-laboral\\\/\"},\"author\":{\"name\":\"AB Seguridad\",\"@id\":\"https:\\\/\\\/www.abseguridad.com\\\/ca\\\/#\\\/schema\\\/person\\\/a65d47f7bd3d26a450597ea87f1e9706\"},\"headline\":\"Normativa per a la instal\u00b7laci\u00f3 de c\u00e0meres de seguretat a l&#8217;\u00e0mbit laboral\",\"datePublished\":\"2024-06-04T11:54:51+00:00\",\"mainEntityOfPage\":{\"@id\":\"https:\\\/\\\/www.abseguridad.com\\\/ca\\\/normativa-per-a-la-installacio-de-cameres-de-seguretat-a-lambit-laboral\\\/\"},\"wordCount\":738,\"commentCount\":0,\"publisher\":{\"@id\":\"https:\\\/\\\/www.abseguridad.com\\\/ca\\\/#organization\"},\"image\":{\"@id\":\"https:\\\/\\\/www.abseguridad.com\\\/ca\\\/normativa-per-a-la-installacio-de-cameres-de-seguretat-a-lambit-laboral\\\/#primaryimage\"},\"thumbnailUrl\":\"https:\\\/\\\/www.abseguridad.com\\\/wp-content\\\/uploads\\\/2024\\\/04\\\/closeup-cctv-camera-wall-min.jpg\",\"articleSection\":[\"Sense categoria\"],\"inLanguage\":\"ca\",\"potentialAction\":[{\"@type\":\"CommentAction\",\"name\":\"Comment\",\"target\":[\"https:\\\/\\\/www.abseguridad.com\\\/ca\\\/normativa-per-a-la-installacio-de-cameres-de-seguretat-a-lambit-laboral\\\/#respond\"]}]},{\"@type\":\"WebPage\",\"@id\":\"https:\\\/\\\/www.abseguridad.com\\\/ca\\\/normativa-per-a-la-installacio-de-cameres-de-seguretat-a-lambit-laboral\\\/\",\"url\":\"https:\\\/\\\/www.abseguridad.com\\\/ca\\\/normativa-per-a-la-installacio-de-cameres-de-seguretat-a-lambit-laboral\\\/\",\"name\":\"Instal\u00b7laci\u00f3 de c\u00e0meres de seguretat a l'\u00e0mbit laboral - AB Seguridad\",\"isPartOf\":{\"@id\":\"https:\\\/\\\/www.abseguridad.com\\\/ca\\\/#website\"},\"primaryImageOfPage\":{\"@id\":\"https:\\\/\\\/www.abseguridad.com\\\/ca\\\/normativa-per-a-la-installacio-de-cameres-de-seguretat-a-lambit-laboral\\\/#primaryimage\"},\"image\":{\"@id\":\"https:\\\/\\\/www.abseguridad.com\\\/ca\\\/normativa-per-a-la-installacio-de-cameres-de-seguretat-a-lambit-laboral\\\/#primaryimage\"},\"thumbnailUrl\":\"https:\\\/\\\/www.abseguridad.com\\\/wp-content\\\/uploads\\\/2024\\\/04\\\/closeup-cctv-camera-wall-min.jpg\",\"datePublished\":\"2024-06-04T11:54:51+00:00\",\"description\":\"Descobreix les normatives i consideracions clau per a la instal\u00b7laci\u00f3 de c\u00e0meres de seguretat a l'\u00e0mbit laboral\",\"breadcrumb\":{\"@id\":\"https:\\\/\\\/www.abseguridad.com\\\/ca\\\/normativa-per-a-la-installacio-de-cameres-de-seguretat-a-lambit-laboral\\\/#breadcrumb\"},\"inLanguage\":\"ca\",\"potentialAction\":[{\"@type\":\"ReadAction\",\"target\":[\"https:\\\/\\\/www.abseguridad.com\\\/ca\\\/normativa-per-a-la-installacio-de-cameres-de-seguretat-a-lambit-laboral\\\/\"]}]},{\"@type\":\"ImageObject\",\"inLanguage\":\"ca\",\"@id\":\"https:\\\/\\\/www.abseguridad.com\\\/ca\\\/normativa-per-a-la-installacio-de-cameres-de-seguretat-a-lambit-laboral\\\/#primaryimage\",\"url\":\"https:\\\/\\\/www.abseguridad.com\\\/wp-content\\\/uploads\\\/2024\\\/04\\\/closeup-cctv-camera-wall-min.jpg\",\"contentUrl\":\"https:\\\/\\\/www.abseguridad.com\\\/wp-content\\\/uploads\\\/2024\\\/04\\\/closeup-cctv-camera-wall-min.jpg\",\"width\":5000,\"height\":3337,\"caption\":\"Normativas de instalaci\u00f3n de c\"},{\"@type\":\"BreadcrumbList\",\"@id\":\"https:\\\/\\\/www.abseguridad.com\\\/ca\\\/normativa-per-a-la-installacio-de-cameres-de-seguretat-a-lambit-laboral\\\/#breadcrumb\",\"itemListElement\":[{\"@type\":\"ListItem\",\"position\":1,\"name\":\"Portada\",\"item\":\"https:\\\/\\\/www.abseguridad.com\\\/ca\\\/inici\\\/\"},{\"@type\":\"ListItem\",\"position\":2,\"name\":\"Normativa per a la instal\u00b7laci\u00f3 de c\u00e0meres de seguretat a l&#8217;\u00e0mbit laboral\"}]},{\"@type\":\"WebSite\",\"@id\":\"https:\\\/\\\/www.abseguridad.com\\\/ca\\\/#website\",\"url\":\"https:\\\/\\\/www.abseguridad.com\\\/ca\\\/\",\"name\":\"AB Seguridad\",\"description\":\"Seguridad y Contraincendios en Barcelona\",\"publisher\":{\"@id\":\"https:\\\/\\\/www.abseguridad.com\\\/ca\\\/#organization\"},\"potentialAction\":[{\"@type\":\"SearchAction\",\"target\":{\"@type\":\"EntryPoint\",\"urlTemplate\":\"https:\\\/\\\/www.abseguridad.com\\\/ca\\\/?s={search_term_string}\"},\"query-input\":{\"@type\":\"PropertyValueSpecification\",\"valueRequired\":true,\"valueName\":\"search_term_string\"}}],\"inLanguage\":\"ca\"},{\"@type\":\"Organization\",\"@id\":\"https:\\\/\\\/www.abseguridad.com\\\/ca\\\/#organization\",\"name\":\"AB Seguridad\",\"url\":\"https:\\\/\\\/www.abseguridad.com\\\/ca\\\/\",\"logo\":{\"@type\":\"ImageObject\",\"inLanguage\":\"ca\",\"@id\":\"https:\\\/\\\/www.abseguridad.com\\\/ca\\\/#\\\/schema\\\/logo\\\/image\\\/\",\"url\":\"https:\\\/\\\/www.abseguridad.com\\\/wp-content\\\/uploads\\\/2021\\\/06\\\/ab_seguridad_OK.png\",\"contentUrl\":\"https:\\\/\\\/www.abseguridad.com\\\/wp-content\\\/uploads\\\/2021\\\/06\\\/ab_seguridad_OK.png\",\"width\":260,\"height\":190,\"caption\":\"AB Seguridad\"},\"image\":{\"@id\":\"https:\\\/\\\/www.abseguridad.com\\\/ca\\\/#\\\/schema\\\/logo\\\/image\\\/\"},\"sameAs\":[\"https:\\\/\\\/x.com\\\/ab_seguridad\",\"https:\\\/\\\/es.linkedin.com\\\/company\\\/ab-seguridad\"]},{\"@type\":\"Person\",\"@id\":\"https:\\\/\\\/www.abseguridad.com\\\/ca\\\/#\\\/schema\\\/person\\\/a65d47f7bd3d26a450597ea87f1e9706\",\"name\":\"AB Seguridad\",\"image\":{\"@type\":\"ImageObject\",\"inLanguage\":\"ca\",\"@id\":\"https:\\\/\\\/secure.gravatar.com\\\/avatar\\\/eff8f6741dd8fc70b1aefafe02715edb183fdf053b85388e884536d855d1f577?s=96&d=mm&r=g\",\"url\":\"https:\\\/\\\/secure.gravatar.com\\\/avatar\\\/eff8f6741dd8fc70b1aefafe02715edb183fdf053b85388e884536d855d1f577?s=96&d=mm&r=g\",\"contentUrl\":\"https:\\\/\\\/secure.gravatar.com\\\/avatar\\\/eff8f6741dd8fc70b1aefafe02715edb183fdf053b85388e884536d855d1f577?s=96&d=mm&r=g\",\"caption\":\"AB Seguridad\"},\"url\":\"https:\\\/\\\/www.abseguridad.com\\\/ca\\\/author\\\/xavier-ruiz\\\/\"}]}<\/script>\n<!-- \/ Yoast SEO plugin. -->","yoast_head_json":{"title":"Instal\u00b7laci\u00f3 de c\u00e0meres de seguretat a l'\u00e0mbit laboral - AB Seguridad","description":"Descobreix les normatives i consideracions clau per a la instal\u00b7laci\u00f3 de c\u00e0meres de seguretat a l'\u00e0mbit laboral","robots":{"index":"index","follow":"follow","max-snippet":"max-snippet:-1","max-image-preview":"max-image-preview:large","max-video-preview":"max-video-preview:-1"},"canonical":"https:\/\/www.abseguridad.com\/ca\/normativa-per-a-la-installacio-de-cameres-de-seguretat-a-lambit-laboral\/","og_locale":"ca_ES","og_type":"article","og_title":"Instal\u00b7laci\u00f3 de c\u00e0meres de seguretat a l'\u00e0mbit laboral - AB Seguridad","og_description":"Descobreix les normatives i consideracions clau per a la instal\u00b7laci\u00f3 de c\u00e0meres de seguretat a l'\u00e0mbit laboral","og_url":"https:\/\/www.abseguridad.com\/ca\/normativa-per-a-la-installacio-de-cameres-de-seguretat-a-lambit-laboral\/","og_site_name":"AB Seguridad","article_published_time":"2024-06-04T11:54:51+00:00","og_image":[{"width":5000,"height":3337,"url":"https:\/\/www.abseguridad.com\/wp-content\/uploads\/2024\/04\/closeup-cctv-camera-wall-min.jpg","type":"image\/jpeg"}],"author":"AB Seguridad","twitter_card":"summary_large_image","twitter_creator":"@ab_seguridad","twitter_site":"@ab_seguridad","twitter_misc":{"Escrit per":"AB Seguridad","Temps estimat de lectura":"3 minutes"},"schema":{"@context":"https:\/\/schema.org","@graph":[{"@type":"Article","@id":"https:\/\/www.abseguridad.com\/ca\/normativa-per-a-la-installacio-de-cameres-de-seguretat-a-lambit-laboral\/#article","isPartOf":{"@id":"https:\/\/www.abseguridad.com\/ca\/normativa-per-a-la-installacio-de-cameres-de-seguretat-a-lambit-laboral\/"},"author":{"name":"AB Seguridad","@id":"https:\/\/www.abseguridad.com\/ca\/#\/schema\/person\/a65d47f7bd3d26a450597ea87f1e9706"},"headline":"Normativa per a la instal\u00b7laci\u00f3 de c\u00e0meres de seguretat a l&#8217;\u00e0mbit laboral","datePublished":"2024-06-04T11:54:51+00:00","mainEntityOfPage":{"@id":"https:\/\/www.abseguridad.com\/ca\/normativa-per-a-la-installacio-de-cameres-de-seguretat-a-lambit-laboral\/"},"wordCount":738,"commentCount":0,"publisher":{"@id":"https:\/\/www.abseguridad.com\/ca\/#organization"},"image":{"@id":"https:\/\/www.abseguridad.com\/ca\/normativa-per-a-la-installacio-de-cameres-de-seguretat-a-lambit-laboral\/#primaryimage"},"thumbnailUrl":"https:\/\/www.abseguridad.com\/wp-content\/uploads\/2024\/04\/closeup-cctv-camera-wall-min.jpg","articleSection":["Sense categoria"],"inLanguage":"ca","potentialAction":[{"@type":"CommentAction","name":"Comment","target":["https:\/\/www.abseguridad.com\/ca\/normativa-per-a-la-installacio-de-cameres-de-seguretat-a-lambit-laboral\/#respond"]}]},{"@type":"WebPage","@id":"https:\/\/www.abseguridad.com\/ca\/normativa-per-a-la-installacio-de-cameres-de-seguretat-a-lambit-laboral\/","url":"https:\/\/www.abseguridad.com\/ca\/normativa-per-a-la-installacio-de-cameres-de-seguretat-a-lambit-laboral\/","name":"Instal\u00b7laci\u00f3 de c\u00e0meres de seguretat a l'\u00e0mbit laboral - AB Seguridad","isPartOf":{"@id":"https:\/\/www.abseguridad.com\/ca\/#website"},"primaryImageOfPage":{"@id":"https:\/\/www.abseguridad.com\/ca\/normativa-per-a-la-installacio-de-cameres-de-seguretat-a-lambit-laboral\/#primaryimage"},"image":{"@id":"https:\/\/www.abseguridad.com\/ca\/normativa-per-a-la-installacio-de-cameres-de-seguretat-a-lambit-laboral\/#primaryimage"},"thumbnailUrl":"https:\/\/www.abseguridad.com\/wp-content\/uploads\/2024\/04\/closeup-cctv-camera-wall-min.jpg","datePublished":"2024-06-04T11:54:51+00:00","description":"Descobreix les normatives i consideracions clau per a la instal\u00b7laci\u00f3 de c\u00e0meres de seguretat a l'\u00e0mbit laboral","breadcrumb":{"@id":"https:\/\/www.abseguridad.com\/ca\/normativa-per-a-la-installacio-de-cameres-de-seguretat-a-lambit-laboral\/#breadcrumb"},"inLanguage":"ca","potentialAction":[{"@type":"ReadAction","target":["https:\/\/www.abseguridad.com\/ca\/normativa-per-a-la-installacio-de-cameres-de-seguretat-a-lambit-laboral\/"]}]},{"@type":"ImageObject","inLanguage":"ca","@id":"https:\/\/www.abseguridad.com\/ca\/normativa-per-a-la-installacio-de-cameres-de-seguretat-a-lambit-laboral\/#primaryimage","url":"https:\/\/www.abseguridad.com\/wp-content\/uploads\/2024\/04\/closeup-cctv-camera-wall-min.jpg","contentUrl":"https:\/\/www.abseguridad.com\/wp-content\/uploads\/2024\/04\/closeup-cctv-camera-wall-min.jpg","width":5000,"height":3337,"caption":"Normativas de instalaci\u00f3n de c"},{"@type":"BreadcrumbList","@id":"https:\/\/www.abseguridad.com\/ca\/normativa-per-a-la-installacio-de-cameres-de-seguretat-a-lambit-laboral\/#breadcrumb","itemListElement":[{"@type":"ListItem","position":1,"name":"Portada","item":"https:\/\/www.abseguridad.com\/ca\/inici\/"},{"@type":"ListItem","position":2,"name":"Normativa per a la instal\u00b7laci\u00f3 de c\u00e0meres de seguretat a l&#8217;\u00e0mbit laboral"}]},{"@type":"WebSite","@id":"https:\/\/www.abseguridad.com\/ca\/#website","url":"https:\/\/www.abseguridad.com\/ca\/","name":"AB Seguridad","description":"Seguridad y Contraincendios en Barcelona","publisher":{"@id":"https:\/\/www.abseguridad.com\/ca\/#organization"},"potentialAction":[{"@type":"SearchAction","target":{"@type":"EntryPoint","urlTemplate":"https:\/\/www.abseguridad.com\/ca\/?s={search_term_string}"},"query-input":{"@type":"PropertyValueSpecification","valueRequired":true,"valueName":"search_term_string"}}],"inLanguage":"ca"},{"@type":"Organization","@id":"https:\/\/www.abseguridad.com\/ca\/#organization","name":"AB Seguridad","url":"https:\/\/www.abseguridad.com\/ca\/","logo":{"@type":"ImageObject","inLanguage":"ca","@id":"https:\/\/www.abseguridad.com\/ca\/#\/schema\/logo\/image\/","url":"https:\/\/www.abseguridad.com\/wp-content\/uploads\/2021\/06\/ab_seguridad_OK.png","contentUrl":"https:\/\/www.abseguridad.com\/wp-content\/uploads\/2021\/06\/ab_seguridad_OK.png","width":260,"height":190,"caption":"AB Seguridad"},"image":{"@id":"https:\/\/www.abseguridad.com\/ca\/#\/schema\/logo\/image\/"},"sameAs":["https:\/\/x.com\/ab_seguridad","https:\/\/es.linkedin.com\/company\/ab-seguridad"]},{"@type":"Person","@id":"https:\/\/www.abseguridad.com\/ca\/#\/schema\/person\/a65d47f7bd3d26a450597ea87f1e9706","name":"AB Seguridad","image":{"@type":"ImageObject","inLanguage":"ca","@id":"https:\/\/secure.gravatar.com\/avatar\/eff8f6741dd8fc70b1aefafe02715edb183fdf053b85388e884536d855d1f577?s=96&d=mm&r=g","url":"https:\/\/secure.gravatar.com\/avatar\/eff8f6741dd8fc70b1aefafe02715edb183fdf053b85388e884536d855d1f577?s=96&d=mm&r=g","contentUrl":"https:\/\/secure.gravatar.com\/avatar\/eff8f6741dd8fc70b1aefafe02715edb183fdf053b85388e884536d855d1f577?s=96&d=mm&r=g","caption":"AB Seguridad"},"url":"https:\/\/www.abseguridad.com\/ca\/author\/xavier-ruiz\/"}]}},"_links":{"self":[{"href":"https:\/\/www.abseguridad.com\/ca\/wp-json\/wp\/v2\/posts\/4760","targetHints":{"allow":["GET"]}}],"collection":[{"href":"https:\/\/www.abseguridad.com\/ca\/wp-json\/wp\/v2\/posts"}],"about":[{"href":"https:\/\/www.abseguridad.com\/ca\/wp-json\/wp\/v2\/types\/post"}],"author":[{"embeddable":true,"href":"https:\/\/www.abseguridad.com\/ca\/wp-json\/wp\/v2\/users\/49"}],"replies":[{"embeddable":true,"href":"https:\/\/www.abseguridad.com\/ca\/wp-json\/wp\/v2\/comments?post=4760"}],"version-history":[{"count":0,"href":"https:\/\/www.abseguridad.com\/ca\/wp-json\/wp\/v2\/posts\/4760\/revisions"}],"wp:featuredmedia":[{"embeddable":true,"href":"https:\/\/www.abseguridad.com\/ca\/wp-json\/wp\/v2\/media\/4619"}],"wp:attachment":[{"href":"https:\/\/www.abseguridad.com\/ca\/wp-json\/wp\/v2\/media?parent=4760"}],"wp:term":[{"taxonomy":"category","embeddable":true,"href":"https:\/\/www.abseguridad.com\/ca\/wp-json\/wp\/v2\/categories?post=4760"},{"taxonomy":"post_tag","embeddable":true,"href":"https:\/\/www.abseguridad.com\/ca\/wp-json\/wp\/v2\/tags?post=4760"}],"curies":[{"name":"wp","href":"https:\/\/api.w.org\/{rel}","templated":true}]}}