{"id":4467,"date":"2023-12-20T13:57:43","date_gmt":"2023-12-20T12:57:43","guid":{"rendered":"https:\/\/www.abseguridad.com\/incendi-en-la-granja-de-sant-marti-de-malda-desperta-la-preocupacio-sobre-la-seguretat-de-les-plaques-solars-en-teulades\/"},"modified":"2023-12-20T13:57:43","modified_gmt":"2023-12-20T12:57:43","slug":"incendi-en-la-granja-de-sant-marti-de-malda-desperta-la-preocupacio-sobre-la-seguretat-de-les-plaques-solars-en-teulades","status":"publish","type":"post","link":"https:\/\/www.abseguridad.com\/ca\/incendi-en-la-granja-de-sant-marti-de-malda-desperta-la-preocupacio-sobre-la-seguretat-de-les-plaques-solars-en-teulades\/","title":{"rendered":"Incendi en la granja de Sant Mart\u00ed de Mald\u00e0 desperta la preocupaci\u00f3 sobre la seguretat de les plaques solars en teulades"},"content":{"rendered":"<h2>La trag\u00e8dia dels porcs posa de manifest la vulnerabilitat i les p\u00e8rdues potencials en teulades amb instal\u00b7lacions solars no regulades<\/h2>\n<p style=\"text-align: left;\">En el recent i tr\u00e0gic incendi que va devastar <a href=\"https:\/\/www.ccma.cat\/324\/moren-desenes-de-truges-en-lincendi-duna-granja-a-sant-marti-de-malda-a-lurgell\/noticia\/3262263\/\">una granja de porcs a Sant Mart\u00ed de Mald\u00e0<\/a>, el perill de les teulades equipades amb plaques solars s&#8217;ha tornat m\u00e9s evident que mai. La trag\u00e8dia, que es va desencadenar quan les flames van comen\u00e7ar en les plaques solars de la teulada, ha deixat <strong>la instal\u00b7laci\u00f3 completament calcinada i ha causat la p\u00e8rdua de desenes de porcs de recria.<\/strong><\/p>\n<p>&nbsp;<\/p>\n<h3>Seguretat en les teulades enfront d&#8217;incendis per plaques solars<\/h3>\n<p style=\"text-align: left;\">Aquest incident subratlla <strong>la manca de regulacions efectives<\/strong> entorn de la seguretat de les instal\u00b7lacions solars en teulades. El foc es va propagar r\u00e0pidament des de les plaques solars cap a la teulada i el sostre d&#8217;a\u00efllament, sense que existissin mesures adequades per a prevenir o contenir l&#8217;emerg\u00e8ncia. La granja, coneguda localment com \u201cla granja *dels *holandesos\u201d, ha sofert p\u00e8rdues irreparables. No obstant aix\u00f2, aquesta trag\u00e8dia serveix com un crit d&#8217;atenci\u00f3 per a abordar una q\u00fcesti\u00f3 m\u00e9s \u00e0mplia: la seguretat en les teulades enfront d&#8217;incendis per plaques solars.<\/p>\n<p>&nbsp;<\/p>\n<p><img fetchpriority=\"high\" decoding=\"async\" class=\"aligncenter wp-image-4454 size-full\" src=\"https:\/\/www.abseguridad.com\/wp-content\/uploads\/2023\/12\/imagen.png\" alt=\"incendio granja\" width=\"1200\" height=\"677\" \/><\/p>\n<p>&nbsp;<\/p>\n<h3 style=\"text-align: left;\">Com protegim adequadament les teulades equipades amb plaques solars i que mesures han d&#8217;implementar-se?<\/h3>\n<p style=\"text-align: left;\">Les teulades amb instal\u00b7lacions solars presenten un risc considerable, especialment quan no estan degudament regulats. La revisi\u00f3 normativa ha d&#8217;incloure <strong>inspeccions peri\u00f2diques, requisits de seguretat i tecnologies avan\u00e7ades contra incendis.<\/strong> Conscienciar als propietaris sobre el manteniment regular \u00e9s essencial. L&#8217;adopci\u00f3 de <strong>regulacions m\u00e9s estrictes \u00e9s imperativa<\/strong> per a salvaguardar contra futurs desastres similars i garantir la transici\u00f3 cap a fonts d&#8217;energia m\u00e9s sostenibles que no comprometin la seguretat de les nostres comunitats.<\/p>\n<p>&nbsp;<\/p>\n<h3>En AB Seguretat oferim assessorament per a evitar aquest tipus d&#8217;incendis en teulades<\/h3>\n<p style=\"text-align: left;\">En AB Seguretat oferim solucions integrals per a abordar els desafiaments de seguretat en instal\u00b7lacions solars, basant-nos en la nostra experi\u00e8ncia i en la consci\u00e8ncia de la import\u00e0ncia de prevenir incidents com el recent. La nostra proposta de valor s&#8217;enfoca en tres pilars fonamentals:<\/p>\n<ol>\n<li><strong>Auditories especialitzades i avaluaci\u00f3 de riscos:<\/strong><\/li>\n<\/ol>\n<p>Realitzaci\u00f3 <strong>d&#8217;auditories especialitzades en instal\u00b7lacions solars<\/strong> per a avaluar la seva conformitat amb les normatives de seguretat vigents. Un equip d&#8217;experts identificaria \u00e0rees de risc potencial espec\u00edfiques i proporcionaria recomanacions detallades per a mitigar aquests riscos. Aquesta avaluaci\u00f3 exhaustiva garantiria que les instal\u00b7lacions estiguin alineades amb els est\u00e0ndards de seguretat m\u00e9s rigorosos.<\/p>\n<ol start=\"2\">\n<li><strong>Integraci\u00f3 de tecnologies avan\u00e7ades de prevenci\u00f3:<\/strong><\/li>\n<\/ol>\n<p><strong>Implementaci\u00f3 de tecnologies punta per a la prevenci\u00f3 d&#8217;incendis<\/strong>, incloent-hi sistemes de detecci\u00f3 preco\u00e7 i extinci\u00f3 autom\u00e0tica. Aquestes solucions es personalitzarien segons les caracter\u00edstiques \u00faniques de cada instal\u00b7laci\u00f3, assegurant una protecci\u00f3 efica\u00e7 contra amenaces potencials. La tecnologia avan\u00e7ada de *AB Seguretat seria clau per a anticipar-se a possibles riscos i garantir una resposta immediata en cas d&#8217;emerg\u00e8ncia.<\/p>\n<ol start=\"3\">\n<li><strong>Manteniment preventiu i optimitzaci\u00f3 cont\u00ednua:<\/strong><\/li>\n<\/ol>\n<p>Establiment de plans de manteniment preventiu adaptats a les necessitats espec\u00edfiques de cada instal\u00b7laci\u00f3. Aquest enfocament proactiu no sols minimitzaria la probabilitat de fallades, sin\u00f3 que tamb\u00e9 optimitzaria l&#8217;efic\u00e0cia de totes les mesures de seguretat implementades. El comprom\u00eds \u00e9s assegurar que els sistemes operin de manera cont\u00ednua i eficient, brindant una tranquil\u00b7litat duradora als nostres clients.<\/p>\n<p>Sol\u00b7licita m\u00e9s informaci\u00f3 en l&#8217;apartat de <a href=\"https:\/\/www.abseguridad.com\/contacto\">Contacte.<\/a><\/p>\n","protected":false},"excerpt":{"rendered":"<p>La trag\u00e8dia dels porcs posa de manifest la vulnerabilitat i les p\u00e8rdues potencials en teulades amb instal\u00b7lacions solars no regulades En el recent i tr\u00e0gic incendi que va devastar una granja de porcs a Sant Mart\u00ed de Mald\u00e0, el perill de les teulades equipades amb plaques solars s&#8217;ha tornat m\u00e9s evident que mai. La trag\u00e8dia, [&hellip;]<\/p>\n","protected":false},"author":49,"featured_media":4448,"comment_status":"open","ping_status":"open","sticky":false,"template":"","format":"standard","meta":{"footnotes":""},"categories":[124],"tags":[],"class_list":["post-4467","post","type-post","status-publish","format-standard","has-post-thumbnail","hentry","category-sense-categoria"],"yoast_head":"<!-- This site is optimized with the Yoast SEO plugin v27.5 - https:\/\/yoast.com\/product\/yoast-seo-wordpress\/ -->\n<title>Incendi desperta preocupaci\u00f3 sobre les plaques solars - AB Seguridad<\/title>\n<meta name=\"description\" content=\"Un incendi en la granja de Sant Mart\u00ed de Mald\u00e0 desperta la preocupaci\u00f3 sobre la seguretat de les plaques solars en teulades.\" \/>\n<meta name=\"robots\" content=\"index, follow, max-snippet:-1, max-image-preview:large, max-video-preview:-1\" \/>\n<link rel=\"canonical\" href=\"https:\/\/www.abseguridad.com\/ca\/incendi-en-la-granja-de-sant-marti-de-malda-desperta-la-preocupacio-sobre-la-seguretat-de-les-plaques-solars-en-teulades\/\" \/>\n<meta property=\"og:locale\" content=\"ca_ES\" \/>\n<meta property=\"og:type\" content=\"article\" \/>\n<meta property=\"og:title\" content=\"Incendi desperta preocupaci\u00f3 sobre les plaques solars - AB Seguridad\" \/>\n<meta property=\"og:description\" content=\"Un incendi en la granja de Sant Mart\u00ed de Mald\u00e0 desperta la preocupaci\u00f3 sobre la seguretat de les plaques solars en teulades.\" \/>\n<meta property=\"og:url\" content=\"https:\/\/www.abseguridad.com\/ca\/incendi-en-la-granja-de-sant-marti-de-malda-desperta-la-preocupacio-sobre-la-seguretat-de-les-plaques-solars-en-teulades\/\" \/>\n<meta property=\"og:site_name\" content=\"AB Seguridad\" \/>\n<meta property=\"article:published_time\" content=\"2023-12-20T12:57:43+00:00\" \/>\n<meta property=\"og:image\" content=\"https:\/\/www.abseguridad.com\/wp-content\/uploads\/2023\/12\/energia-fotovoltaica-centrales-solares-energia-origen-natural-1.jpg\" \/>\n\t<meta property=\"og:image:width\" content=\"5323\" \/>\n\t<meta property=\"og:image:height\" content=\"3549\" \/>\n\t<meta property=\"og:image:type\" content=\"image\/jpeg\" \/>\n<meta name=\"author\" content=\"AB Seguridad\" \/>\n<meta name=\"twitter:card\" content=\"summary_large_image\" \/>\n<meta name=\"twitter:creator\" content=\"@ab_seguridad\" \/>\n<meta name=\"twitter:site\" content=\"@ab_seguridad\" \/>\n<meta name=\"twitter:label1\" content=\"Escrit per\" \/>\n\t<meta name=\"twitter:data1\" content=\"AB Seguridad\" \/>\n\t<meta name=\"twitter:label2\" content=\"Temps estimat de lectura\" \/>\n\t<meta name=\"twitter:data2\" content=\"3 minutes\" \/>\n<script type=\"application\/ld+json\" class=\"yoast-schema-graph\">{\"@context\":\"https:\\\/\\\/schema.org\",\"@graph\":[{\"@type\":\"Article\",\"@id\":\"https:\\\/\\\/www.abseguridad.com\\\/ca\\\/incendi-en-la-granja-de-sant-marti-de-malda-desperta-la-preocupacio-sobre-la-seguretat-de-les-plaques-solars-en-teulades\\\/#article\",\"isPartOf\":{\"@id\":\"https:\\\/\\\/www.abseguridad.com\\\/ca\\\/incendi-en-la-granja-de-sant-marti-de-malda-desperta-la-preocupacio-sobre-la-seguretat-de-les-plaques-solars-en-teulades\\\/\"},\"author\":{\"name\":\"AB Seguridad\",\"@id\":\"https:\\\/\\\/www.abseguridad.com\\\/ca\\\/#\\\/schema\\\/person\\\/a65d47f7bd3d26a450597ea87f1e9706\"},\"headline\":\"Incendi en la granja de Sant Mart\u00ed de Mald\u00e0 desperta la preocupaci\u00f3 sobre la seguretat de les plaques solars en teulades\",\"datePublished\":\"2023-12-20T12:57:43+00:00\",\"mainEntityOfPage\":{\"@id\":\"https:\\\/\\\/www.abseguridad.com\\\/ca\\\/incendi-en-la-granja-de-sant-marti-de-malda-desperta-la-preocupacio-sobre-la-seguretat-de-les-plaques-solars-en-teulades\\\/\"},\"wordCount\":606,\"commentCount\":0,\"publisher\":{\"@id\":\"https:\\\/\\\/www.abseguridad.com\\\/ca\\\/#organization\"},\"image\":{\"@id\":\"https:\\\/\\\/www.abseguridad.com\\\/ca\\\/incendi-en-la-granja-de-sant-marti-de-malda-desperta-la-preocupacio-sobre-la-seguretat-de-les-plaques-solars-en-teulades\\\/#primaryimage\"},\"thumbnailUrl\":\"https:\\\/\\\/www.abseguridad.com\\\/wp-content\\\/uploads\\\/2023\\\/12\\\/energia-fotovoltaica-centrales-solares-energia-origen-natural-1.jpg\",\"articleSection\":[\"Sense categoria\"],\"inLanguage\":\"ca\",\"potentialAction\":[{\"@type\":\"CommentAction\",\"name\":\"Comment\",\"target\":[\"https:\\\/\\\/www.abseguridad.com\\\/ca\\\/incendi-en-la-granja-de-sant-marti-de-malda-desperta-la-preocupacio-sobre-la-seguretat-de-les-plaques-solars-en-teulades\\\/#respond\"]}]},{\"@type\":\"WebPage\",\"@id\":\"https:\\\/\\\/www.abseguridad.com\\\/ca\\\/incendi-en-la-granja-de-sant-marti-de-malda-desperta-la-preocupacio-sobre-la-seguretat-de-les-plaques-solars-en-teulades\\\/\",\"url\":\"https:\\\/\\\/www.abseguridad.com\\\/ca\\\/incendi-en-la-granja-de-sant-marti-de-malda-desperta-la-preocupacio-sobre-la-seguretat-de-les-plaques-solars-en-teulades\\\/\",\"name\":\"Incendi desperta preocupaci\u00f3 sobre les plaques solars - AB Seguridad\",\"isPartOf\":{\"@id\":\"https:\\\/\\\/www.abseguridad.com\\\/ca\\\/#website\"},\"primaryImageOfPage\":{\"@id\":\"https:\\\/\\\/www.abseguridad.com\\\/ca\\\/incendi-en-la-granja-de-sant-marti-de-malda-desperta-la-preocupacio-sobre-la-seguretat-de-les-plaques-solars-en-teulades\\\/#primaryimage\"},\"image\":{\"@id\":\"https:\\\/\\\/www.abseguridad.com\\\/ca\\\/incendi-en-la-granja-de-sant-marti-de-malda-desperta-la-preocupacio-sobre-la-seguretat-de-les-plaques-solars-en-teulades\\\/#primaryimage\"},\"thumbnailUrl\":\"https:\\\/\\\/www.abseguridad.com\\\/wp-content\\\/uploads\\\/2023\\\/12\\\/energia-fotovoltaica-centrales-solares-energia-origen-natural-1.jpg\",\"datePublished\":\"2023-12-20T12:57:43+00:00\",\"description\":\"Un incendi en la granja de Sant Mart\u00ed de Mald\u00e0 desperta la preocupaci\u00f3 sobre la seguretat de les plaques solars en teulades.\",\"breadcrumb\":{\"@id\":\"https:\\\/\\\/www.abseguridad.com\\\/ca\\\/incendi-en-la-granja-de-sant-marti-de-malda-desperta-la-preocupacio-sobre-la-seguretat-de-les-plaques-solars-en-teulades\\\/#breadcrumb\"},\"inLanguage\":\"ca\",\"potentialAction\":[{\"@type\":\"ReadAction\",\"target\":[\"https:\\\/\\\/www.abseguridad.com\\\/ca\\\/incendi-en-la-granja-de-sant-marti-de-malda-desperta-la-preocupacio-sobre-la-seguretat-de-les-plaques-solars-en-teulades\\\/\"]}]},{\"@type\":\"ImageObject\",\"inLanguage\":\"ca\",\"@id\":\"https:\\\/\\\/www.abseguridad.com\\\/ca\\\/incendi-en-la-granja-de-sant-marti-de-malda-desperta-la-preocupacio-sobre-la-seguretat-de-les-plaques-solars-en-teulades\\\/#primaryimage\",\"url\":\"https:\\\/\\\/www.abseguridad.com\\\/wp-content\\\/uploads\\\/2023\\\/12\\\/energia-fotovoltaica-centrales-solares-energia-origen-natural-1.jpg\",\"contentUrl\":\"https:\\\/\\\/www.abseguridad.com\\\/wp-content\\\/uploads\\\/2023\\\/12\\\/energia-fotovoltaica-centrales-solares-energia-origen-natural-1.jpg\",\"width\":5323,\"height\":3549,\"caption\":\"placas solares\"},{\"@type\":\"BreadcrumbList\",\"@id\":\"https:\\\/\\\/www.abseguridad.com\\\/ca\\\/incendi-en-la-granja-de-sant-marti-de-malda-desperta-la-preocupacio-sobre-la-seguretat-de-les-plaques-solars-en-teulades\\\/#breadcrumb\",\"itemListElement\":[{\"@type\":\"ListItem\",\"position\":1,\"name\":\"Portada\",\"item\":\"https:\\\/\\\/www.abseguridad.com\\\/ca\\\/inici\\\/\"},{\"@type\":\"ListItem\",\"position\":2,\"name\":\"Incendi en la granja de Sant Mart\u00ed de Mald\u00e0 desperta la preocupaci\u00f3 sobre la seguretat de les plaques solars en teulades\"}]},{\"@type\":\"WebSite\",\"@id\":\"https:\\\/\\\/www.abseguridad.com\\\/ca\\\/#website\",\"url\":\"https:\\\/\\\/www.abseguridad.com\\\/ca\\\/\",\"name\":\"AB Seguridad\",\"description\":\"Seguridad y Contraincendios en Barcelona\",\"publisher\":{\"@id\":\"https:\\\/\\\/www.abseguridad.com\\\/ca\\\/#organization\"},\"potentialAction\":[{\"@type\":\"SearchAction\",\"target\":{\"@type\":\"EntryPoint\",\"urlTemplate\":\"https:\\\/\\\/www.abseguridad.com\\\/ca\\\/?s={search_term_string}\"},\"query-input\":{\"@type\":\"PropertyValueSpecification\",\"valueRequired\":true,\"valueName\":\"search_term_string\"}}],\"inLanguage\":\"ca\"},{\"@type\":\"Organization\",\"@id\":\"https:\\\/\\\/www.abseguridad.com\\\/ca\\\/#organization\",\"name\":\"AB Seguridad\",\"url\":\"https:\\\/\\\/www.abseguridad.com\\\/ca\\\/\",\"logo\":{\"@type\":\"ImageObject\",\"inLanguage\":\"ca\",\"@id\":\"https:\\\/\\\/www.abseguridad.com\\\/ca\\\/#\\\/schema\\\/logo\\\/image\\\/\",\"url\":\"https:\\\/\\\/www.abseguridad.com\\\/wp-content\\\/uploads\\\/2021\\\/06\\\/ab_seguridad_OK.png\",\"contentUrl\":\"https:\\\/\\\/www.abseguridad.com\\\/wp-content\\\/uploads\\\/2021\\\/06\\\/ab_seguridad_OK.png\",\"width\":260,\"height\":190,\"caption\":\"AB Seguridad\"},\"image\":{\"@id\":\"https:\\\/\\\/www.abseguridad.com\\\/ca\\\/#\\\/schema\\\/logo\\\/image\\\/\"},\"sameAs\":[\"https:\\\/\\\/x.com\\\/ab_seguridad\",\"https:\\\/\\\/es.linkedin.com\\\/company\\\/ab-seguridad\"]},{\"@type\":\"Person\",\"@id\":\"https:\\\/\\\/www.abseguridad.com\\\/ca\\\/#\\\/schema\\\/person\\\/a65d47f7bd3d26a450597ea87f1e9706\",\"name\":\"AB Seguridad\",\"image\":{\"@type\":\"ImageObject\",\"inLanguage\":\"ca\",\"@id\":\"https:\\\/\\\/secure.gravatar.com\\\/avatar\\\/eff8f6741dd8fc70b1aefafe02715edb183fdf053b85388e884536d855d1f577?s=96&d=mm&r=g\",\"url\":\"https:\\\/\\\/secure.gravatar.com\\\/avatar\\\/eff8f6741dd8fc70b1aefafe02715edb183fdf053b85388e884536d855d1f577?s=96&d=mm&r=g\",\"contentUrl\":\"https:\\\/\\\/secure.gravatar.com\\\/avatar\\\/eff8f6741dd8fc70b1aefafe02715edb183fdf053b85388e884536d855d1f577?s=96&d=mm&r=g\",\"caption\":\"AB Seguridad\"},\"url\":\"https:\\\/\\\/www.abseguridad.com\\\/ca\\\/author\\\/xavier-ruiz\\\/\"}]}<\/script>\n<!-- \/ Yoast SEO plugin. -->","yoast_head_json":{"title":"Incendi desperta preocupaci\u00f3 sobre les plaques solars - AB Seguridad","description":"Un incendi en la granja de Sant Mart\u00ed de Mald\u00e0 desperta la preocupaci\u00f3 sobre la seguretat de les plaques solars en teulades.","robots":{"index":"index","follow":"follow","max-snippet":"max-snippet:-1","max-image-preview":"max-image-preview:large","max-video-preview":"max-video-preview:-1"},"canonical":"https:\/\/www.abseguridad.com\/ca\/incendi-en-la-granja-de-sant-marti-de-malda-desperta-la-preocupacio-sobre-la-seguretat-de-les-plaques-solars-en-teulades\/","og_locale":"ca_ES","og_type":"article","og_title":"Incendi desperta preocupaci\u00f3 sobre les plaques solars - AB Seguridad","og_description":"Un incendi en la granja de Sant Mart\u00ed de Mald\u00e0 desperta la preocupaci\u00f3 sobre la seguretat de les plaques solars en teulades.","og_url":"https:\/\/www.abseguridad.com\/ca\/incendi-en-la-granja-de-sant-marti-de-malda-desperta-la-preocupacio-sobre-la-seguretat-de-les-plaques-solars-en-teulades\/","og_site_name":"AB Seguridad","article_published_time":"2023-12-20T12:57:43+00:00","og_image":[{"width":5323,"height":3549,"url":"https:\/\/www.abseguridad.com\/wp-content\/uploads\/2023\/12\/energia-fotovoltaica-centrales-solares-energia-origen-natural-1.jpg","type":"image\/jpeg"}],"author":"AB Seguridad","twitter_card":"summary_large_image","twitter_creator":"@ab_seguridad","twitter_site":"@ab_seguridad","twitter_misc":{"Escrit per":"AB Seguridad","Temps estimat de lectura":"3 minutes"},"schema":{"@context":"https:\/\/schema.org","@graph":[{"@type":"Article","@id":"https:\/\/www.abseguridad.com\/ca\/incendi-en-la-granja-de-sant-marti-de-malda-desperta-la-preocupacio-sobre-la-seguretat-de-les-plaques-solars-en-teulades\/#article","isPartOf":{"@id":"https:\/\/www.abseguridad.com\/ca\/incendi-en-la-granja-de-sant-marti-de-malda-desperta-la-preocupacio-sobre-la-seguretat-de-les-plaques-solars-en-teulades\/"},"author":{"name":"AB Seguridad","@id":"https:\/\/www.abseguridad.com\/ca\/#\/schema\/person\/a65d47f7bd3d26a450597ea87f1e9706"},"headline":"Incendi en la granja de Sant Mart\u00ed de Mald\u00e0 desperta la preocupaci\u00f3 sobre la seguretat de les plaques solars en teulades","datePublished":"2023-12-20T12:57:43+00:00","mainEntityOfPage":{"@id":"https:\/\/www.abseguridad.com\/ca\/incendi-en-la-granja-de-sant-marti-de-malda-desperta-la-preocupacio-sobre-la-seguretat-de-les-plaques-solars-en-teulades\/"},"wordCount":606,"commentCount":0,"publisher":{"@id":"https:\/\/www.abseguridad.com\/ca\/#organization"},"image":{"@id":"https:\/\/www.abseguridad.com\/ca\/incendi-en-la-granja-de-sant-marti-de-malda-desperta-la-preocupacio-sobre-la-seguretat-de-les-plaques-solars-en-teulades\/#primaryimage"},"thumbnailUrl":"https:\/\/www.abseguridad.com\/wp-content\/uploads\/2023\/12\/energia-fotovoltaica-centrales-solares-energia-origen-natural-1.jpg","articleSection":["Sense categoria"],"inLanguage":"ca","potentialAction":[{"@type":"CommentAction","name":"Comment","target":["https:\/\/www.abseguridad.com\/ca\/incendi-en-la-granja-de-sant-marti-de-malda-desperta-la-preocupacio-sobre-la-seguretat-de-les-plaques-solars-en-teulades\/#respond"]}]},{"@type":"WebPage","@id":"https:\/\/www.abseguridad.com\/ca\/incendi-en-la-granja-de-sant-marti-de-malda-desperta-la-preocupacio-sobre-la-seguretat-de-les-plaques-solars-en-teulades\/","url":"https:\/\/www.abseguridad.com\/ca\/incendi-en-la-granja-de-sant-marti-de-malda-desperta-la-preocupacio-sobre-la-seguretat-de-les-plaques-solars-en-teulades\/","name":"Incendi desperta preocupaci\u00f3 sobre les plaques solars - AB Seguridad","isPartOf":{"@id":"https:\/\/www.abseguridad.com\/ca\/#website"},"primaryImageOfPage":{"@id":"https:\/\/www.abseguridad.com\/ca\/incendi-en-la-granja-de-sant-marti-de-malda-desperta-la-preocupacio-sobre-la-seguretat-de-les-plaques-solars-en-teulades\/#primaryimage"},"image":{"@id":"https:\/\/www.abseguridad.com\/ca\/incendi-en-la-granja-de-sant-marti-de-malda-desperta-la-preocupacio-sobre-la-seguretat-de-les-plaques-solars-en-teulades\/#primaryimage"},"thumbnailUrl":"https:\/\/www.abseguridad.com\/wp-content\/uploads\/2023\/12\/energia-fotovoltaica-centrales-solares-energia-origen-natural-1.jpg","datePublished":"2023-12-20T12:57:43+00:00","description":"Un incendi en la granja de Sant Mart\u00ed de Mald\u00e0 desperta la preocupaci\u00f3 sobre la seguretat de les plaques solars en teulades.","breadcrumb":{"@id":"https:\/\/www.abseguridad.com\/ca\/incendi-en-la-granja-de-sant-marti-de-malda-desperta-la-preocupacio-sobre-la-seguretat-de-les-plaques-solars-en-teulades\/#breadcrumb"},"inLanguage":"ca","potentialAction":[{"@type":"ReadAction","target":["https:\/\/www.abseguridad.com\/ca\/incendi-en-la-granja-de-sant-marti-de-malda-desperta-la-preocupacio-sobre-la-seguretat-de-les-plaques-solars-en-teulades\/"]}]},{"@type":"ImageObject","inLanguage":"ca","@id":"https:\/\/www.abseguridad.com\/ca\/incendi-en-la-granja-de-sant-marti-de-malda-desperta-la-preocupacio-sobre-la-seguretat-de-les-plaques-solars-en-teulades\/#primaryimage","url":"https:\/\/www.abseguridad.com\/wp-content\/uploads\/2023\/12\/energia-fotovoltaica-centrales-solares-energia-origen-natural-1.jpg","contentUrl":"https:\/\/www.abseguridad.com\/wp-content\/uploads\/2023\/12\/energia-fotovoltaica-centrales-solares-energia-origen-natural-1.jpg","width":5323,"height":3549,"caption":"placas solares"},{"@type":"BreadcrumbList","@id":"https:\/\/www.abseguridad.com\/ca\/incendi-en-la-granja-de-sant-marti-de-malda-desperta-la-preocupacio-sobre-la-seguretat-de-les-plaques-solars-en-teulades\/#breadcrumb","itemListElement":[{"@type":"ListItem","position":1,"name":"Portada","item":"https:\/\/www.abseguridad.com\/ca\/inici\/"},{"@type":"ListItem","position":2,"name":"Incendi en la granja de Sant Mart\u00ed de Mald\u00e0 desperta la preocupaci\u00f3 sobre la seguretat de les plaques solars en teulades"}]},{"@type":"WebSite","@id":"https:\/\/www.abseguridad.com\/ca\/#website","url":"https:\/\/www.abseguridad.com\/ca\/","name":"AB Seguridad","description":"Seguridad y Contraincendios en Barcelona","publisher":{"@id":"https:\/\/www.abseguridad.com\/ca\/#organization"},"potentialAction":[{"@type":"SearchAction","target":{"@type":"EntryPoint","urlTemplate":"https:\/\/www.abseguridad.com\/ca\/?s={search_term_string}"},"query-input":{"@type":"PropertyValueSpecification","valueRequired":true,"valueName":"search_term_string"}}],"inLanguage":"ca"},{"@type":"Organization","@id":"https:\/\/www.abseguridad.com\/ca\/#organization","name":"AB Seguridad","url":"https:\/\/www.abseguridad.com\/ca\/","logo":{"@type":"ImageObject","inLanguage":"ca","@id":"https:\/\/www.abseguridad.com\/ca\/#\/schema\/logo\/image\/","url":"https:\/\/www.abseguridad.com\/wp-content\/uploads\/2021\/06\/ab_seguridad_OK.png","contentUrl":"https:\/\/www.abseguridad.com\/wp-content\/uploads\/2021\/06\/ab_seguridad_OK.png","width":260,"height":190,"caption":"AB Seguridad"},"image":{"@id":"https:\/\/www.abseguridad.com\/ca\/#\/schema\/logo\/image\/"},"sameAs":["https:\/\/x.com\/ab_seguridad","https:\/\/es.linkedin.com\/company\/ab-seguridad"]},{"@type":"Person","@id":"https:\/\/www.abseguridad.com\/ca\/#\/schema\/person\/a65d47f7bd3d26a450597ea87f1e9706","name":"AB Seguridad","image":{"@type":"ImageObject","inLanguage":"ca","@id":"https:\/\/secure.gravatar.com\/avatar\/eff8f6741dd8fc70b1aefafe02715edb183fdf053b85388e884536d855d1f577?s=96&d=mm&r=g","url":"https:\/\/secure.gravatar.com\/avatar\/eff8f6741dd8fc70b1aefafe02715edb183fdf053b85388e884536d855d1f577?s=96&d=mm&r=g","contentUrl":"https:\/\/secure.gravatar.com\/avatar\/eff8f6741dd8fc70b1aefafe02715edb183fdf053b85388e884536d855d1f577?s=96&d=mm&r=g","caption":"AB Seguridad"},"url":"https:\/\/www.abseguridad.com\/ca\/author\/xavier-ruiz\/"}]}},"_links":{"self":[{"href":"https:\/\/www.abseguridad.com\/ca\/wp-json\/wp\/v2\/posts\/4467","targetHints":{"allow":["GET"]}}],"collection":[{"href":"https:\/\/www.abseguridad.com\/ca\/wp-json\/wp\/v2\/posts"}],"about":[{"href":"https:\/\/www.abseguridad.com\/ca\/wp-json\/wp\/v2\/types\/post"}],"author":[{"embeddable":true,"href":"https:\/\/www.abseguridad.com\/ca\/wp-json\/wp\/v2\/users\/49"}],"replies":[{"embeddable":true,"href":"https:\/\/www.abseguridad.com\/ca\/wp-json\/wp\/v2\/comments?post=4467"}],"version-history":[{"count":0,"href":"https:\/\/www.abseguridad.com\/ca\/wp-json\/wp\/v2\/posts\/4467\/revisions"}],"wp:featuredmedia":[{"embeddable":true,"href":"https:\/\/www.abseguridad.com\/ca\/wp-json\/wp\/v2\/media\/4448"}],"wp:attachment":[{"href":"https:\/\/www.abseguridad.com\/ca\/wp-json\/wp\/v2\/media?parent=4467"}],"wp:term":[{"taxonomy":"category","embeddable":true,"href":"https:\/\/www.abseguridad.com\/ca\/wp-json\/wp\/v2\/categories?post=4467"},{"taxonomy":"post_tag","embeddable":true,"href":"https:\/\/www.abseguridad.com\/ca\/wp-json\/wp\/v2\/tags?post=4467"}],"curies":[{"name":"wp","href":"https:\/\/api.w.org\/{rel}","templated":true}]}}