{"id":3341,"date":"2022-06-08T10:45:13","date_gmt":"2022-06-08T09:45:13","guid":{"rendered":"https:\/\/www.abseguridad.com\/com-i-on-installar-punts-de-carrega-de-vehicles-electrics\/"},"modified":"2022-06-08T10:45:13","modified_gmt":"2022-06-08T09:45:13","slug":"com-i-on-installar-punts-de-carrega-de-vehicles-electrics","status":"publish","type":"post","link":"https:\/\/www.abseguridad.com\/ca\/com-i-on-installar-punts-de-carrega-de-vehicles-electrics\/","title":{"rendered":"Com i on instal\u00b7lar punts de c\u00e0rrega de vehicles el\u00e8ctrics"},"content":{"rendered":"<p>El creixent \u00fas de vehicles el\u00e8ctrics a les carreteres ha generat una gran controv\u00e8rsia sobre la normativa que envolta el seu \u00fas. La seva aparici\u00f3, cada vegada m\u00e9s freq\u00fcent, a les carreteres i espais p\u00fablics, ha generat la necessitat de tenir en compte tots els requisits <strong>energ\u00e8tics, tecnol\u00f2gics, econ\u00f2mics i ambientals<\/strong> necessaris per al seu correcte \u00fas, instal\u00b7laci\u00f3 i manteniment.<\/p>\n<p>A m\u00e9s de la necessitat de plantejar una <a href=\"https:\/\/www.abseguridad.com\/ca\/risc-dincendi-en-vehicles-electrics-i-punts-de-carrega\/\">normativa de protecci\u00f3 contra incendi per a vehicles i carregadors el\u00e8ctrics<\/a>, un dels aspectes que genera m\u00e9s controv\u00e8rsia \u00e9s el seg\u00fcent: On i com es poden instal\u00b7lar punts de c\u00e0rrega per a vehicles el\u00e8ctrics? Quins requisits cal tenir en compte a les infraestructures on estaran instal\u00b7lats?<\/p>\n<p>&nbsp;<\/p>\n<figure id=\"attachment_3321\" aria-describedby=\"caption-attachment-3321\" style=\"width: 372px\" class=\"wp-caption aligncenter\"><img fetchpriority=\"high\" decoding=\"async\" class=\"wp-image-3321 size-full\" src=\"https:\/\/www.abseguridad.com\/wp-content\/uploads\/2022\/05\/cargador-electrico.jpg\" alt=\"\" width=\"372\" height=\"556\" srcset=\"https:\/\/www.abseguridad.com\/wp-content\/uploads\/2022\/05\/cargador-electrico.jpg 372w, https:\/\/www.abseguridad.com\/wp-content\/uploads\/2022\/05\/cargador-electrico-201x300.jpg 201w\" sizes=\"(max-width: 372px) 100vw, 372px\" \/><figcaption id=\"caption-attachment-3321\" class=\"wp-caption-text\">S&#8217;han de tenir en compte els requisits d&#8217;instal\u00b7laci\u00f3 segons la localitzaci\u00f3 i l&#8217;entorn<\/figcaption><\/figure>\n<p>&nbsp;<\/p>\n<p>&nbsp;<\/p>\n<h2>Normativa segons la localitzaci\u00f3 i el lloc d&#8217;instal\u00b7laci\u00f3 del punt de c\u00e0rrega el\u00e8ctric<\/h2>\n<p>Com cal esperar, no \u00e9s possible instal\u00b7lar els punts de c\u00e0rrega el\u00e8ctrics en qualsevol lloc. La normativa s&#8217;aplicar\u00e0 a totes les instal\u00b7lacions, activitats o espais on s&#8217;incorporin Instal\u00b7lacions de Rec\u00e0rrega de Vehicles El\u00e8ctrics (IRVE), determinats pel Servei de Protecci\u00f3 Civil, Prevenci\u00f3, Extinci\u00f3 d&#8217;Incendis i Salvament (SPCPEIS) per analogia, bon criteri i proporcionalitat .<\/p>\n<h3>Estacionaments p\u00fablics i privats<\/h3>\n<p>Les infraestructures daparcaments p\u00fablics o privats dobra nova o rehabilitats s\u00f3n espais autoritzats per dur a terme la instal\u00b7 laci\u00f3 de punts de rec\u00e0rregues de cotxes el\u00e8ctrics. Hi ha requisits per a cada tipus d&#8217;estacionament:<\/p>\n<h3>Estacionaments col\u00b7lectius en edificis de r\u00e8gim de propietat horitzontal<\/h3>\n<p>Aquests aparcaments han de posseir una conducci\u00f3 a trav\u00e9s de safates, canals o tubs <strong>cap a les zones comunit\u00e0ries on s&#8217;ubicaran els punts de rec\u00e0rrega<\/strong>.<\/p>\n<h3>Estacionaments de flotes privades<\/h3>\n<p>Les places per recarregar en aquests aparcaments poden arribar a 40. Aquests estacionaments s\u00f3n comuns per a l&#8217;\u00fas de <strong>cooperatives, empreses, oficines i fins i tot d&#8217;associacions.<\/strong><\/p>\n<h3>Estacionaments p\u00fablics permanents<\/h3>\n<p>La normativa dicta que s&#8217;ha d&#8217;instal\u00b7lar una estaci\u00f3 de rec\u00e0rrega capa\u00e7 d&#8217;abastir 40 vehicles alhora.<strong> Aquests punts han d&#8217;estar freq\u00fcentment supervisats.<\/strong><\/p>\n<p>&nbsp;<\/p>\n<figure id=\"attachment_3310\" aria-describedby=\"caption-attachment-3310\" style=\"width: 840px\" class=\"wp-caption aligncenter\"><img decoding=\"async\" class=\"wp-image-3310 size-full\" src=\"https:\/\/www.abseguridad.com\/wp-content\/uploads\/2022\/05\/cargadorr.jpg\" alt=\"\" width=\"840\" height=\"556\" srcset=\"https:\/\/www.abseguridad.com\/wp-content\/uploads\/2022\/05\/cargadorr.jpg 840w, https:\/\/www.abseguridad.com\/wp-content\/uploads\/2022\/05\/cargadorr-300x199.jpg 300w, https:\/\/www.abseguridad.com\/wp-content\/uploads\/2022\/05\/cargadorr-768x508.jpg 768w\" sizes=\"(max-width: 840px) 100vw, 840px\" \/><figcaption id=\"caption-attachment-3310\" class=\"wp-caption-text\">Cada aparcament t\u00e9 uns requisits determinats per instal\u00b7lar punts de c\u00e0rrega<\/figcaption><\/figure>\n<p>&nbsp;<\/p>\n<h3>Via p\u00fablica<\/h3>\n<p>A la <strong>via p\u00fablica<\/strong> s&#8217;hauran d&#8217;executar les instal\u00b7lacions necess\u00e0ries per donar servei a les estacions de rec\u00e0rrega ubicades a les places destinades a vehicles el\u00e8ctrics que estiguin previstes als Plans de Mobilitat Sostenible supramunicipals o municipals.<\/p>\n<h3>Vivendes particulars<\/h3>\n<p>A les <strong>vivendes unifamiliars<\/strong> que estiguin dotades d&#8217;infraestructura per a la rec\u00e0rrega de vehicles el\u00e8ctrics es considerar\u00e0 el grau d&#8217;electrificaci\u00f3 elevat modificant aix\u00ed la ITC BT 25, \u201cInstal\u00b7lacions interiors en habitatges\u201d. Quan estiguin previstes una o m\u00e9s places per a l&#8217;estacionament de vehicles el\u00e8ctrics, cal instal\u00b7lar un circuit addicional amb aquesta finalitat.<\/p>\n<h3>Garatges comunitaris<\/h3>\n<p>La instal\u00b7laci\u00f3 de punts de c\u00e0rrega a garatges comunitaris \u00e9s un dels processos menys complicats a l&#8217;hora de complir amb la normativa. Paral\u00b7lelament, la instal\u00b7laci\u00f3 a garatges permet acollir-se a subvencions estatals, fet que minimitza el cost de la inversi\u00f3. S\u00ed que cal comunicar a la <strong>comunitat de ve\u00efns per a una correcta coordinaci\u00f3.<\/strong><\/p>\n<h2>Conclusions<\/h2>\n<p>Abans de dur a terme la instal\u00b7laci\u00f3 del punt de c\u00e0rrega el\u00e8ctric, cal con\u00e8ixer els diferents formats i requeriments de cada model, a m\u00e9s de comptar amb personal professional que estigui especialitzat en el tema per la perillositat de manipular aquest tipus d&#8217;elements. Si s&#8217;instal\u00b7laran m\u00e9s d&#8217;un carregador, \u00e9s essencial <strong>deixar prou espai entre els diferents carregadors<\/strong> per optimitzar-ne el manteniment i prevenir accidents en s\u00e8rie.<\/p>\n","protected":false},"excerpt":{"rendered":"<p>El creixent \u00fas de vehicles el\u00e8ctrics a les carreteres ha generat una gran controv\u00e8rsia sobre la normativa que envolta el seu \u00fas. La seva aparici\u00f3, cada vegada m\u00e9s freq\u00fcent, a les carreteres i espais p\u00fablics, ha generat la necessitat de tenir en compte tots els requisits energ\u00e8tics, tecnol\u00f2gics, econ\u00f2mics i ambientals necessaris per al seu [&hellip;]<\/p>\n","protected":false},"author":49,"featured_media":3309,"comment_status":"closed","ping_status":"open","sticky":false,"template":"","format":"standard","meta":{"footnotes":""},"categories":[136,124,141],"tags":[],"class_list":["post-3341","post","type-post","status-publish","format-standard","has-post-thumbnail","hentry","category-pci-ca","category-sense-categoria","category-vehicles-electrics"],"yoast_head":"<!-- This site is optimized with the Yoast SEO plugin v27.5 - https:\/\/yoast.com\/product\/yoast-seo-wordpress\/ -->\n<title>Com i on instal\u00b7lar punts de c\u00e0rrega de vehicles el\u00e8ctrics - AB Seguridad<\/title>\n<meta name=\"robots\" content=\"index, follow, max-snippet:-1, max-image-preview:large, max-video-preview:-1\" \/>\n<link rel=\"canonical\" href=\"https:\/\/www.abseguridad.com\/ca\/com-i-on-installar-punts-de-carrega-de-vehicles-electrics\/\" \/>\n<meta property=\"og:locale\" content=\"ca_ES\" \/>\n<meta property=\"og:type\" content=\"article\" \/>\n<meta property=\"og:title\" content=\"Com i on instal\u00b7lar punts de c\u00e0rrega de vehicles el\u00e8ctrics - AB Seguridad\" \/>\n<meta property=\"og:description\" content=\"El creixent \u00fas de vehicles el\u00e8ctrics a les carreteres ha generat una gran controv\u00e8rsia sobre la normativa que envolta el seu \u00fas. La seva aparici\u00f3, cada vegada m\u00e9s freq\u00fcent, a les carreteres i espais p\u00fablics, ha generat la necessitat de tenir en compte tots els requisits energ\u00e8tics, tecnol\u00f2gics, econ\u00f2mics i ambientals necessaris per al seu [&hellip;]\" \/>\n<meta property=\"og:url\" content=\"https:\/\/www.abseguridad.com\/ca\/com-i-on-installar-punts-de-carrega-de-vehicles-electrics\/\" \/>\n<meta property=\"og:site_name\" content=\"AB Seguridad\" \/>\n<meta property=\"article:published_time\" content=\"2022-06-08T09:45:13+00:00\" \/>\n<meta property=\"og:image\" content=\"https:\/\/www.abseguridad.com\/wp-content\/uploads\/2022\/05\/cargador-electrico.jpg\" \/>\n<meta name=\"author\" content=\"AB Seguridad\" \/>\n<meta name=\"twitter:card\" content=\"summary_large_image\" \/>\n<meta name=\"twitter:creator\" content=\"@ab_seguridad\" \/>\n<meta name=\"twitter:site\" content=\"@ab_seguridad\" \/>\n<meta name=\"twitter:label1\" content=\"Escrit per\" \/>\n\t<meta name=\"twitter:data1\" content=\"AB Seguridad\" \/>\n\t<meta name=\"twitter:label2\" content=\"Temps estimat de lectura\" \/>\n\t<meta name=\"twitter:data2\" content=\"3 minutes\" \/>\n<script type=\"application\/ld+json\" class=\"yoast-schema-graph\">{\"@context\":\"https:\\\/\\\/schema.org\",\"@graph\":[{\"@type\":\"Article\",\"@id\":\"https:\\\/\\\/www.abseguridad.com\\\/ca\\\/com-i-on-installar-punts-de-carrega-de-vehicles-electrics\\\/#article\",\"isPartOf\":{\"@id\":\"https:\\\/\\\/www.abseguridad.com\\\/ca\\\/com-i-on-installar-punts-de-carrega-de-vehicles-electrics\\\/\"},\"author\":{\"name\":\"AB Seguridad\",\"@id\":\"https:\\\/\\\/www.abseguridad.com\\\/ca\\\/#\\\/schema\\\/person\\\/a65d47f7bd3d26a450597ea87f1e9706\"},\"headline\":\"Com i on instal\u00b7lar punts de c\u00e0rrega de vehicles el\u00e8ctrics\",\"datePublished\":\"2022-06-08T09:45:13+00:00\",\"mainEntityOfPage\":{\"@id\":\"https:\\\/\\\/www.abseguridad.com\\\/ca\\\/com-i-on-installar-punts-de-carrega-de-vehicles-electrics\\\/\"},\"wordCount\":670,\"publisher\":{\"@id\":\"https:\\\/\\\/www.abseguridad.com\\\/ca\\\/#organization\"},\"image\":{\"@id\":\"https:\\\/\\\/www.abseguridad.com\\\/ca\\\/com-i-on-installar-punts-de-carrega-de-vehicles-electrics\\\/#primaryimage\"},\"thumbnailUrl\":\"https:\\\/\\\/www.abseguridad.com\\\/wp-content\\\/uploads\\\/2022\\\/05\\\/COCHE-ELEC.jpg\",\"articleSection\":[\"PCI\",\"Sense categoria\",\"Vehicles el\u00e8ctrics\"],\"inLanguage\":\"ca\"},{\"@type\":\"WebPage\",\"@id\":\"https:\\\/\\\/www.abseguridad.com\\\/ca\\\/com-i-on-installar-punts-de-carrega-de-vehicles-electrics\\\/\",\"url\":\"https:\\\/\\\/www.abseguridad.com\\\/ca\\\/com-i-on-installar-punts-de-carrega-de-vehicles-electrics\\\/\",\"name\":\"Com i on instal\u00b7lar punts de c\u00e0rrega de vehicles el\u00e8ctrics - AB Seguridad\",\"isPartOf\":{\"@id\":\"https:\\\/\\\/www.abseguridad.com\\\/ca\\\/#website\"},\"primaryImageOfPage\":{\"@id\":\"https:\\\/\\\/www.abseguridad.com\\\/ca\\\/com-i-on-installar-punts-de-carrega-de-vehicles-electrics\\\/#primaryimage\"},\"image\":{\"@id\":\"https:\\\/\\\/www.abseguridad.com\\\/ca\\\/com-i-on-installar-punts-de-carrega-de-vehicles-electrics\\\/#primaryimage\"},\"thumbnailUrl\":\"https:\\\/\\\/www.abseguridad.com\\\/wp-content\\\/uploads\\\/2022\\\/05\\\/COCHE-ELEC.jpg\",\"datePublished\":\"2022-06-08T09:45:13+00:00\",\"breadcrumb\":{\"@id\":\"https:\\\/\\\/www.abseguridad.com\\\/ca\\\/com-i-on-installar-punts-de-carrega-de-vehicles-electrics\\\/#breadcrumb\"},\"inLanguage\":\"ca\",\"potentialAction\":[{\"@type\":\"ReadAction\",\"target\":[\"https:\\\/\\\/www.abseguridad.com\\\/ca\\\/com-i-on-installar-punts-de-carrega-de-vehicles-electrics\\\/\"]}]},{\"@type\":\"ImageObject\",\"inLanguage\":\"ca\",\"@id\":\"https:\\\/\\\/www.abseguridad.com\\\/ca\\\/com-i-on-installar-punts-de-carrega-de-vehicles-electrics\\\/#primaryimage\",\"url\":\"https:\\\/\\\/www.abseguridad.com\\\/wp-content\\\/uploads\\\/2022\\\/05\\\/COCHE-ELEC.jpg\",\"contentUrl\":\"https:\\\/\\\/www.abseguridad.com\\\/wp-content\\\/uploads\\\/2022\\\/05\\\/COCHE-ELEC.jpg\",\"width\":840,\"height\":556},{\"@type\":\"BreadcrumbList\",\"@id\":\"https:\\\/\\\/www.abseguridad.com\\\/ca\\\/com-i-on-installar-punts-de-carrega-de-vehicles-electrics\\\/#breadcrumb\",\"itemListElement\":[{\"@type\":\"ListItem\",\"position\":1,\"name\":\"Portada\",\"item\":\"https:\\\/\\\/www.abseguridad.com\\\/ca\\\/inici\\\/\"},{\"@type\":\"ListItem\",\"position\":2,\"name\":\"Com i on instal\u00b7lar punts de c\u00e0rrega de vehicles el\u00e8ctrics\"}]},{\"@type\":\"WebSite\",\"@id\":\"https:\\\/\\\/www.abseguridad.com\\\/ca\\\/#website\",\"url\":\"https:\\\/\\\/www.abseguridad.com\\\/ca\\\/\",\"name\":\"AB Seguridad\",\"description\":\"Seguridad y Contraincendios en Barcelona\",\"publisher\":{\"@id\":\"https:\\\/\\\/www.abseguridad.com\\\/ca\\\/#organization\"},\"potentialAction\":[{\"@type\":\"SearchAction\",\"target\":{\"@type\":\"EntryPoint\",\"urlTemplate\":\"https:\\\/\\\/www.abseguridad.com\\\/ca\\\/?s={search_term_string}\"},\"query-input\":{\"@type\":\"PropertyValueSpecification\",\"valueRequired\":true,\"valueName\":\"search_term_string\"}}],\"inLanguage\":\"ca\"},{\"@type\":\"Organization\",\"@id\":\"https:\\\/\\\/www.abseguridad.com\\\/ca\\\/#organization\",\"name\":\"AB Seguridad\",\"url\":\"https:\\\/\\\/www.abseguridad.com\\\/ca\\\/\",\"logo\":{\"@type\":\"ImageObject\",\"inLanguage\":\"ca\",\"@id\":\"https:\\\/\\\/www.abseguridad.com\\\/ca\\\/#\\\/schema\\\/logo\\\/image\\\/\",\"url\":\"https:\\\/\\\/www.abseguridad.com\\\/wp-content\\\/uploads\\\/2021\\\/06\\\/ab_seguridad_OK.png\",\"contentUrl\":\"https:\\\/\\\/www.abseguridad.com\\\/wp-content\\\/uploads\\\/2021\\\/06\\\/ab_seguridad_OK.png\",\"width\":260,\"height\":190,\"caption\":\"AB Seguridad\"},\"image\":{\"@id\":\"https:\\\/\\\/www.abseguridad.com\\\/ca\\\/#\\\/schema\\\/logo\\\/image\\\/\"},\"sameAs\":[\"https:\\\/\\\/x.com\\\/ab_seguridad\",\"https:\\\/\\\/es.linkedin.com\\\/company\\\/ab-seguridad\"]},{\"@type\":\"Person\",\"@id\":\"https:\\\/\\\/www.abseguridad.com\\\/ca\\\/#\\\/schema\\\/person\\\/a65d47f7bd3d26a450597ea87f1e9706\",\"name\":\"AB Seguridad\",\"image\":{\"@type\":\"ImageObject\",\"inLanguage\":\"ca\",\"@id\":\"https:\\\/\\\/secure.gravatar.com\\\/avatar\\\/eff8f6741dd8fc70b1aefafe02715edb183fdf053b85388e884536d855d1f577?s=96&d=mm&r=g\",\"url\":\"https:\\\/\\\/secure.gravatar.com\\\/avatar\\\/eff8f6741dd8fc70b1aefafe02715edb183fdf053b85388e884536d855d1f577?s=96&d=mm&r=g\",\"contentUrl\":\"https:\\\/\\\/secure.gravatar.com\\\/avatar\\\/eff8f6741dd8fc70b1aefafe02715edb183fdf053b85388e884536d855d1f577?s=96&d=mm&r=g\",\"caption\":\"AB Seguridad\"},\"url\":\"https:\\\/\\\/www.abseguridad.com\\\/ca\\\/author\\\/xavier-ruiz\\\/\"}]}<\/script>\n<!-- \/ Yoast SEO plugin. -->","yoast_head_json":{"title":"Com i on instal\u00b7lar punts de c\u00e0rrega de vehicles el\u00e8ctrics - AB Seguridad","robots":{"index":"index","follow":"follow","max-snippet":"max-snippet:-1","max-image-preview":"max-image-preview:large","max-video-preview":"max-video-preview:-1"},"canonical":"https:\/\/www.abseguridad.com\/ca\/com-i-on-installar-punts-de-carrega-de-vehicles-electrics\/","og_locale":"ca_ES","og_type":"article","og_title":"Com i on instal\u00b7lar punts de c\u00e0rrega de vehicles el\u00e8ctrics - AB Seguridad","og_description":"El creixent \u00fas de vehicles el\u00e8ctrics a les carreteres ha generat una gran controv\u00e8rsia sobre la normativa que envolta el seu \u00fas. La seva aparici\u00f3, cada vegada m\u00e9s freq\u00fcent, a les carreteres i espais p\u00fablics, ha generat la necessitat de tenir en compte tots els requisits energ\u00e8tics, tecnol\u00f2gics, econ\u00f2mics i ambientals necessaris per al seu [&hellip;]","og_url":"https:\/\/www.abseguridad.com\/ca\/com-i-on-installar-punts-de-carrega-de-vehicles-electrics\/","og_site_name":"AB Seguridad","article_published_time":"2022-06-08T09:45:13+00:00","og_image":[{"url":"https:\/\/www.abseguridad.com\/wp-content\/uploads\/2022\/05\/cargador-electrico.jpg","type":"","width":"","height":""}],"author":"AB Seguridad","twitter_card":"summary_large_image","twitter_creator":"@ab_seguridad","twitter_site":"@ab_seguridad","twitter_misc":{"Escrit per":"AB Seguridad","Temps estimat de lectura":"3 minutes"},"schema":{"@context":"https:\/\/schema.org","@graph":[{"@type":"Article","@id":"https:\/\/www.abseguridad.com\/ca\/com-i-on-installar-punts-de-carrega-de-vehicles-electrics\/#article","isPartOf":{"@id":"https:\/\/www.abseguridad.com\/ca\/com-i-on-installar-punts-de-carrega-de-vehicles-electrics\/"},"author":{"name":"AB Seguridad","@id":"https:\/\/www.abseguridad.com\/ca\/#\/schema\/person\/a65d47f7bd3d26a450597ea87f1e9706"},"headline":"Com i on instal\u00b7lar punts de c\u00e0rrega de vehicles el\u00e8ctrics","datePublished":"2022-06-08T09:45:13+00:00","mainEntityOfPage":{"@id":"https:\/\/www.abseguridad.com\/ca\/com-i-on-installar-punts-de-carrega-de-vehicles-electrics\/"},"wordCount":670,"publisher":{"@id":"https:\/\/www.abseguridad.com\/ca\/#organization"},"image":{"@id":"https:\/\/www.abseguridad.com\/ca\/com-i-on-installar-punts-de-carrega-de-vehicles-electrics\/#primaryimage"},"thumbnailUrl":"https:\/\/www.abseguridad.com\/wp-content\/uploads\/2022\/05\/COCHE-ELEC.jpg","articleSection":["PCI","Sense categoria","Vehicles el\u00e8ctrics"],"inLanguage":"ca"},{"@type":"WebPage","@id":"https:\/\/www.abseguridad.com\/ca\/com-i-on-installar-punts-de-carrega-de-vehicles-electrics\/","url":"https:\/\/www.abseguridad.com\/ca\/com-i-on-installar-punts-de-carrega-de-vehicles-electrics\/","name":"Com i on instal\u00b7lar punts de c\u00e0rrega de vehicles el\u00e8ctrics - AB Seguridad","isPartOf":{"@id":"https:\/\/www.abseguridad.com\/ca\/#website"},"primaryImageOfPage":{"@id":"https:\/\/www.abseguridad.com\/ca\/com-i-on-installar-punts-de-carrega-de-vehicles-electrics\/#primaryimage"},"image":{"@id":"https:\/\/www.abseguridad.com\/ca\/com-i-on-installar-punts-de-carrega-de-vehicles-electrics\/#primaryimage"},"thumbnailUrl":"https:\/\/www.abseguridad.com\/wp-content\/uploads\/2022\/05\/COCHE-ELEC.jpg","datePublished":"2022-06-08T09:45:13+00:00","breadcrumb":{"@id":"https:\/\/www.abseguridad.com\/ca\/com-i-on-installar-punts-de-carrega-de-vehicles-electrics\/#breadcrumb"},"inLanguage":"ca","potentialAction":[{"@type":"ReadAction","target":["https:\/\/www.abseguridad.com\/ca\/com-i-on-installar-punts-de-carrega-de-vehicles-electrics\/"]}]},{"@type":"ImageObject","inLanguage":"ca","@id":"https:\/\/www.abseguridad.com\/ca\/com-i-on-installar-punts-de-carrega-de-vehicles-electrics\/#primaryimage","url":"https:\/\/www.abseguridad.com\/wp-content\/uploads\/2022\/05\/COCHE-ELEC.jpg","contentUrl":"https:\/\/www.abseguridad.com\/wp-content\/uploads\/2022\/05\/COCHE-ELEC.jpg","width":840,"height":556},{"@type":"BreadcrumbList","@id":"https:\/\/www.abseguridad.com\/ca\/com-i-on-installar-punts-de-carrega-de-vehicles-electrics\/#breadcrumb","itemListElement":[{"@type":"ListItem","position":1,"name":"Portada","item":"https:\/\/www.abseguridad.com\/ca\/inici\/"},{"@type":"ListItem","position":2,"name":"Com i on instal\u00b7lar punts de c\u00e0rrega de vehicles el\u00e8ctrics"}]},{"@type":"WebSite","@id":"https:\/\/www.abseguridad.com\/ca\/#website","url":"https:\/\/www.abseguridad.com\/ca\/","name":"AB Seguridad","description":"Seguridad y Contraincendios en Barcelona","publisher":{"@id":"https:\/\/www.abseguridad.com\/ca\/#organization"},"potentialAction":[{"@type":"SearchAction","target":{"@type":"EntryPoint","urlTemplate":"https:\/\/www.abseguridad.com\/ca\/?s={search_term_string}"},"query-input":{"@type":"PropertyValueSpecification","valueRequired":true,"valueName":"search_term_string"}}],"inLanguage":"ca"},{"@type":"Organization","@id":"https:\/\/www.abseguridad.com\/ca\/#organization","name":"AB Seguridad","url":"https:\/\/www.abseguridad.com\/ca\/","logo":{"@type":"ImageObject","inLanguage":"ca","@id":"https:\/\/www.abseguridad.com\/ca\/#\/schema\/logo\/image\/","url":"https:\/\/www.abseguridad.com\/wp-content\/uploads\/2021\/06\/ab_seguridad_OK.png","contentUrl":"https:\/\/www.abseguridad.com\/wp-content\/uploads\/2021\/06\/ab_seguridad_OK.png","width":260,"height":190,"caption":"AB Seguridad"},"image":{"@id":"https:\/\/www.abseguridad.com\/ca\/#\/schema\/logo\/image\/"},"sameAs":["https:\/\/x.com\/ab_seguridad","https:\/\/es.linkedin.com\/company\/ab-seguridad"]},{"@type":"Person","@id":"https:\/\/www.abseguridad.com\/ca\/#\/schema\/person\/a65d47f7bd3d26a450597ea87f1e9706","name":"AB Seguridad","image":{"@type":"ImageObject","inLanguage":"ca","@id":"https:\/\/secure.gravatar.com\/avatar\/eff8f6741dd8fc70b1aefafe02715edb183fdf053b85388e884536d855d1f577?s=96&d=mm&r=g","url":"https:\/\/secure.gravatar.com\/avatar\/eff8f6741dd8fc70b1aefafe02715edb183fdf053b85388e884536d855d1f577?s=96&d=mm&r=g","contentUrl":"https:\/\/secure.gravatar.com\/avatar\/eff8f6741dd8fc70b1aefafe02715edb183fdf053b85388e884536d855d1f577?s=96&d=mm&r=g","caption":"AB Seguridad"},"url":"https:\/\/www.abseguridad.com\/ca\/author\/xavier-ruiz\/"}]}},"_links":{"self":[{"href":"https:\/\/www.abseguridad.com\/ca\/wp-json\/wp\/v2\/posts\/3341","targetHints":{"allow":["GET"]}}],"collection":[{"href":"https:\/\/www.abseguridad.com\/ca\/wp-json\/wp\/v2\/posts"}],"about":[{"href":"https:\/\/www.abseguridad.com\/ca\/wp-json\/wp\/v2\/types\/post"}],"author":[{"embeddable":true,"href":"https:\/\/www.abseguridad.com\/ca\/wp-json\/wp\/v2\/users\/49"}],"replies":[{"embeddable":true,"href":"https:\/\/www.abseguridad.com\/ca\/wp-json\/wp\/v2\/comments?post=3341"}],"version-history":[{"count":0,"href":"https:\/\/www.abseguridad.com\/ca\/wp-json\/wp\/v2\/posts\/3341\/revisions"}],"wp:featuredmedia":[{"embeddable":true,"href":"https:\/\/www.abseguridad.com\/ca\/wp-json\/wp\/v2\/media\/3309"}],"wp:attachment":[{"href":"https:\/\/www.abseguridad.com\/ca\/wp-json\/wp\/v2\/media?parent=3341"}],"wp:term":[{"taxonomy":"category","embeddable":true,"href":"https:\/\/www.abseguridad.com\/ca\/wp-json\/wp\/v2\/categories?post=3341"},{"taxonomy":"post_tag","embeddable":true,"href":"https:\/\/www.abseguridad.com\/ca\/wp-json\/wp\/v2\/tags?post=3341"}],"curies":[{"name":"wp","href":"https:\/\/api.w.org\/{rel}","templated":true}]}}